{"id":1454,"date":"2021-02-23T19:17:31","date_gmt":"2021-02-23T17:17:31","guid":{"rendered":"https:\/\/www.greencut-tools.com\/blog\/?p=1454"},"modified":"2024-02-28T16:57:59","modified_gmt":"2024-02-28T14:57:59","slug":"madera-ilegal-galicia","status":"publish","type":"post","link":"https:\/\/www.greencut-tools.com\/blog\/madera-ilegal-galicia\/","title":{"rendered":"\u00bfEntra madera ilegal por Galicia?"},"content":{"rendered":"\n<p>Desde Greencut no s\u00f3lo queremos que se\u00e1is los h\u00e9roes que todo jard\u00edn necesita, sino que tambi\u00e9n, <strong>queremos que se\u00e1is los h\u00e9roes que el mundo necesita<\/strong>. Adem\u00e1s de ofrecer herramientas y m\u00e1quinas, queremos tener una mayor responsabilidad social con el entorno en el que vivimos.<\/p>\n\n\n\n<p>Por este motivo os queremos hacer part\u00edcipes de diferentes problemas sociales que suceden a d\u00eda de hoy y explicaros de qu\u00e9 manera pod\u00e9is ayudar para que juntos, podamos conseguir el cambio.<\/p>\n\n\n    <div id=\"ctab0dae29d32cf345fe02505f5bf034979\" class=\"cta\">\n        <div class=\"content\">\n            <p class=\"title\">\n                Convi\u00e9rtete en un experto en la madera            <\/p>\n            <p class=\"subtitle\">\n                Trucos para obtener los resultados perfectos            <\/p>\n            <a class=\"button\" href=\"https:\/\/mailchi.mp\/greencut-tools.com\/guia-maestros-de-la-madera?utm_source=entrada-madera-ilegal-galicia&#038;utm_medium=cta\"><button>DESCARGAR<\/button><\/a>\n        <\/div>\n    <\/div>\n    <style type=\"text\/css\">\n        #ctab0dae29d32cf345fe02505f5bf034979{\n\t        background-image: url('https:\/\/www.greencut-tools.com\/blog\/wp-content\/uploads\/2022\/11\/Ebook_Madera_D.jpg');\n    \t}\n        .cta {\n            height:295px;\n            background-size: contain;\n            background-repeat: no-repeat;\n            background-position: right;\n            margin: 15px 0 25px;\n        }\n        .cta .content {\n            width: 60%;\n            height: auto;\n            padding: 30px;\n            word-wrap: break-word;\n        }\n        .cta .content .title{\n           font-size: 35px;\n            font-weight: 700;\n            color: white;\n            margin-bottom: 0;\n            font-family: 'Roboto', sans-serif;\n            line-height: 1;\n\n        }\n        .cta .content .subtitle{\n            font-size: 18px;\n            font-weight: 500;\n            color: white;\n            margin-bottom: 0;\n            font-family: 'Roboto', sans-serif;\n            line-height: 1.2;\n            margin-top: 20px;\n        }\n\n        .cta .content a{\n            background-color: transparent!important;\n            border-radius: 8px;\n            padding:0;\n        }\n        .cta .content button{\n            margin-top:20px;\n            background-color: black;\n            border-radius:0px;\n            color: white;\n            width: auto;\n            font-size: 13px;\n            padding: 12px 26px!important;\n        }\n\n        @media only screen and (max-width: 600px) {\n        #ctab0dae29d32cf345fe02505f5bf034979 {\n            background-image: url('https:\/\/www.greencut-tools.com\/blog\/wp-content\/uploads\/2022\/11\/Ebook_Madera_M.jpg');\n        }\n            .cta {\n                height: 500px;\n                background-size: cover;\n                background-repeat: no-repeat;\n            }\n            .cta .content {\n                width: 100%;\n                height: auto;\n            }\n            .cta .content button{\n                max-width: 437px;\n                margin-top: 20px;\n            }\n        }\n    <\/style>\n\n\n\n<h2 class=\"wp-block-heading\">\u00bfQu\u00e9 ocurre en Galicia?<\/h2>\n\n\n\n<p>La conocida organizaci\u00f3n ecologista y pacifista <strong>Greenpeace ha denunciado a trav\u00e9s de su p\u00e1gina web la presunta entrada de madera ilegal en Galicia<\/strong>. Tal y como afirman, <em>\u201cel 30% de la madera que se comercializa en el mundo procede de talas ilegales y Galicia est\u00e1 siendo una de las v\u00edas de entrada en la Uni\u00f3n Europea\u201d<\/em>. En concreto, a trav\u00e9s del puerto de Vigo se est\u00e1 comercializando madera tropical de talas ilegales procedentes de Brasil.<\/p>\n\n\n\n<p>Ante esta problem\u00e1tica, la organizaci\u00f3n exige a la Xunta de Galicia que asuma su responsabilidad y no permita que siga entrando madera ilegal en puertos europeos. De este modo, <strong>se solicita que establezcan controles de seguridad a los importadores de madera para evitar que se comercialice con madera ilegal que proviene de situaciones de violencia<\/strong>.<\/p>\n\n\n    <div id=\"ctad289f1615dade95cddcd94718e575d5e\" class=\"cta\">\n        <div class=\"content\">\n            <p class=\"title\">\n                Consigue las mejores herramientas de bricolaje            <\/p>\n            <p class=\"subtitle\">\n                Y potencia tu creatividad con ellas            <\/p>\n            <a class=\"button\" href=\"https:\/\/www.greencut-tools.com\/es\/herramientas-bricolaje\/?utm_source=entrada-madera-ilegal-galicia&#038;utm_medium=cta\"><button>COMPRAR<\/button><\/a>\n        <\/div>\n    <\/div>\n    <style type=\"text\/css\">\n        #ctad289f1615dade95cddcd94718e575d5e{\n\t        background-image: url('https:\/\/www.greencut-tools.com\/blog\/wp-content\/uploads\/2022\/11\/Herramientas1_D.jpg');\n    \t}\n        .cta {\n            height:295px;\n            background-size: contain;\n            background-repeat: no-repeat;\n            background-position: right;\n            margin: 15px 0 25px;\n        }\n        .cta .content {\n            width: 60%;\n            height: auto;\n            padding: 30px;\n            word-wrap: break-word;\n        }\n        .cta .content .title{\n           font-size: 35px;\n            font-weight: 700;\n            color: white;\n            margin-bottom: 0;\n            font-family: 'Roboto', sans-serif;\n            line-height: 1;\n\n        }\n        .cta .content .subtitle{\n            font-size: 18px;\n            font-weight: 500;\n            color: white;\n            margin-bottom: 0;\n            font-family: 'Roboto', sans-serif;\n            line-height: 1.2;\n            margin-top: 20px;\n        }\n\n        .cta .content a{\n            background-color: transparent!important;\n            border-radius: 8px;\n            padding:0;\n        }\n        .cta .content button{\n            margin-top:20px;\n            background-color: black;\n            border-radius:0px;\n            color: white;\n            width: auto;\n            font-size: 13px;\n            padding: 12px 26px!important;\n        }\n\n        @media only screen and (max-width: 600px) {\n        #ctad289f1615dade95cddcd94718e575d5e {\n            background-image: url('https:\/\/www.greencut-tools.com\/blog\/wp-content\/uploads\/2022\/11\/Herramientas1_M.jpg');\n        }\n            .cta {\n                height: 500px;\n                background-size: cover;\n                background-repeat: no-repeat;\n            }\n            .cta .content {\n                width: 100%;\n                height: auto;\n            }\n            .cta .content button{\n                max-width: 437px;\n                margin-top: 20px;\n            }\n        }\n    <\/style>\n\n\n\n<h2 class=\"wp-block-heading\">\u00bfQu\u00e9 es la basta de madera ilegal?<\/h2>\n\n\n\n<p><strong>Es una actividad donde se trafica con madera de manera ilegal<\/strong>. Toda la madera que se comercializa tiene un gran impacto medioambiental ya que supone la deforestaci\u00f3n de muchos lugares.<\/p>\n\n\n\n<p>Tal y como menciona la ONG Global Witness, en Per\u00fa m\u00e1s de 130.000 \u00e1rboles son talados de manera ilegal y, esto, est\u00e1 suponiendo la deforestaci\u00f3n de la selva amaz\u00f3nica peruana.<\/p>\n\n\n\n<p>Es importante mencionar que desde 2013 el comercio de madera ilegal est\u00e1 prohibido en toda la Uni\u00f3n Europea. Por este motivo, Greenpeace denuncia este hecho. <strong>Los responsables de la Xunta de Galicia tienen la obligaci\u00f3n legal de establecer un control para regular que las empresas de importaci\u00f3n que operan en Espa\u00f1a cumplan todos los requerimientos necesarios<\/strong>.<\/p>\n\n\n\n<h2 class=\"wp-block-heading\">\u00bfC\u00f3mo puedes ayudar?<\/h2>\n\n\n\n<p>Tu ayuda es fundamental para que la Xunta asuma su responsabilidad y ponga fin a la importaci\u00f3n de madera ilegal a trav\u00e9s de controles sobre la importaci\u00f3n de madera. Para ello, tan s\u00f3lo tendr\u00e1s que <strong><a href=\"https:\/\/es.greenpeace.org\/es\/que-puedes-hacer-tu\/peticiones\/madera\/\" target=\"_blank\" rel=\"noreferrer noopener nofollow\">firmar la petici\u00f3n<\/a><\/strong> creada por Greenpeace.<\/p>\n\n\n    <div id=\"cta29572c2006380c713d4d6c7abca3a3ba\" class=\"cta\">\n        <div class=\"content\">\n            <p class=\"title\">\n                Convi\u00e9rtete en un experto en la madera            <\/p>\n            <p class=\"subtitle\">\n                Consejos y trucos para obtener los mejores resultados            <\/p>\n            <a class=\"button\" href=\"https:\/\/mailchi.mp\/greencut-tools.com\/guia-maestros-de-la-madera?utm_source=entrada-madera-ilegal-galicia&#038;utm_medium=cta\"><button>DESCARGAR<\/button><\/a>\n        <\/div>\n    <\/div>\n    <style type=\"text\/css\">\n        #cta29572c2006380c713d4d6c7abca3a3ba{\n\t        background-image: url('https:\/\/www.greencut-tools.com\/blog\/wp-content\/uploads\/2022\/11\/Ebook_Madera_D.jpg');\n    \t}\n        .cta {\n            height:295px;\n            background-size: contain;\n            background-repeat: no-repeat;\n            background-position: right;\n            margin: 15px 0 25px;\n        }\n        .cta .content {\n            width: 60%;\n            height: auto;\n            padding: 30px;\n            word-wrap: break-word;\n        }\n        .cta .content .title{\n           font-size: 35px;\n            font-weight: 700;\n            color: white;\n            margin-bottom: 0;\n            font-family: 'Roboto', sans-serif;\n            line-height: 1;\n\n        }\n        .cta .content .subtitle{\n            font-size: 18px;\n            font-weight: 500;\n            color: white;\n            margin-bottom: 0;\n            font-family: 'Roboto', sans-serif;\n            line-height: 1.2;\n            margin-top: 20px;\n        }\n\n        .cta .content a{\n            background-color: transparent!important;\n            border-radius: 8px;\n            padding:0;\n        }\n        .cta .content button{\n            margin-top:20px;\n            background-color: black;\n            border-radius:0px;\n            color: white;\n            width: auto;\n            font-size: 13px;\n            padding: 12px 26px!important;\n        }\n\n        @media only screen and (max-width: 600px) {\n        #cta29572c2006380c713d4d6c7abca3a3ba {\n            background-image: url('https:\/\/www.greencut-tools.com\/blog\/wp-content\/uploads\/2022\/11\/Ebook_Madera_M.jpg');\n        }\n            .cta {\n                height: 500px;\n                background-size: cover;\n                background-repeat: no-repeat;\n            }\n            .cta .content {\n                width: 100%;\n                height: auto;\n            }\n            .cta .content button{\n                max-width: 437px;\n                margin-top: 20px;\n            }\n        }\n    <\/style>\n","protected":false},"excerpt":{"rendered":"<p>Descubre qu\u00e9 est\u00e1 pasando en Galicia con la madera ilegal. Greenpeace lo denuncia.<\/p>\n","protected":false},"author":21,"featured_media":1460,"comment_status":"open","ping_status":"open","sticky":false,"template":"","format":"standard","meta":{"footnotes":""},"categories":[61],"tags":[57,60,56,58,59],"class_list":["post-1454","post","type-post","status-publish","format-standard","has-post-thumbnail","hentry","category-responsabilidad-social","tag-galicia","tag-greenpeace","tag-madera","tag-madera-ilegal","tag-xunta-de-galicia"],"acf":[],"yoast_head":"<!-- This site is optimized with the Yoast SEO plugin v24.5 - https:\/\/yoast.com\/wordpress\/plugins\/seo\/ -->\n<title>\u1408 \u00bfEntra madera ilegal por Galicia? | \u267b\ufe0f GREENCUT<\/title>\n<meta name=\"description\" content=\"Descubre lo que est\u00e1 pasando en Galicia con la madera ilegal. \u00bfSe est\u00e1 cometiendo un delito? \u2705 Greenpeace lo denuncia.\" \/>\n<meta name=\"robots\" content=\"index, follow, max-snippet:-1, max-image-preview:large, max-video-preview:-1\" \/>\n<link rel=\"canonical\" href=\"https:\/\/www.greencut-tools.com\/blog\/madera-ilegal-galicia\/\" \/>\n<meta property=\"og:locale\" content=\"es_ES\" \/>\n<meta property=\"og:type\" content=\"article\" \/>\n<meta property=\"og:title\" content=\"\u1408 \u00bfEntra madera ilegal por Galicia? | \u267b\ufe0f GREENCUT\" \/>\n<meta property=\"og:description\" content=\"Descubre lo que est\u00e1 pasando en Galicia con la madera ilegal. \u00bfSe est\u00e1 cometiendo un delito? \u2705 Greenpeace lo denuncia.\" \/>\n<meta property=\"og:url\" content=\"https:\/\/www.greencut-tools.com\/blog\/madera-ilegal-galicia\/\" \/>\n<meta property=\"og:site_name\" content=\"Blog del h\u00e9roe Greencut\" \/>\n<meta property=\"article:published_time\" content=\"2021-02-23T17:17:31+00:00\" \/>\n<meta property=\"article:modified_time\" content=\"2024-02-28T14:57:59+00:00\" \/>\n<meta property=\"og:image\" content=\"https:\/\/www.greencut-tools.com\/blog\/wp-content\/uploads\/2021\/02\/Diseno-sin-titulo-34.jpg\" \/>\n\t<meta property=\"og:image:width\" content=\"1000\" \/>\n\t<meta property=\"og:image:height\" content=\"591\" \/>\n\t<meta property=\"og:image:type\" content=\"image\/jpeg\" \/>\n<meta name=\"author\" content=\"Marketing Greencut\" \/>\n<meta name=\"twitter:card\" content=\"summary_large_image\" \/>\n<meta name=\"twitter:label1\" content=\"Escrito por\" \/>\n\t<meta name=\"twitter:data1\" content=\"Marketing Greencut\" \/>\n\t<meta name=\"twitter:label2\" content=\"Tiempo de lectura\" \/>\n\t<meta name=\"twitter:data2\" content=\"2 minutos\" \/>\n<script type=\"application\/ld+json\" class=\"yoast-schema-graph\">{\"@context\":\"https:\/\/schema.org\",\"@graph\":[{\"@type\":\"WebPage\",\"@id\":\"https:\/\/www.greencut-tools.com\/blog\/madera-ilegal-galicia\/\",\"url\":\"https:\/\/www.greencut-tools.com\/blog\/madera-ilegal-galicia\/\",\"name\":\"\u1408 \u00bfEntra madera ilegal por Galicia? | \u267b\ufe0f GREENCUT\",\"isPartOf\":{\"@id\":\"https:\/\/www.greencut-tools.com\/blog\/#website\"},\"primaryImageOfPage\":{\"@id\":\"https:\/\/www.greencut-tools.com\/blog\/madera-ilegal-galicia\/#primaryimage\"},\"image\":{\"@id\":\"https:\/\/www.greencut-tools.com\/blog\/madera-ilegal-galicia\/#primaryimage\"},\"thumbnailUrl\":\"https:\/\/www.greencut-tools.com\/blog\/wp-content\/uploads\/2021\/02\/Diseno-sin-titulo-34.jpg\",\"datePublished\":\"2021-02-23T17:17:31+00:00\",\"dateModified\":\"2024-02-28T14:57:59+00:00\",\"author\":{\"@id\":\"https:\/\/www.greencut-tools.com\/blog\/#\/schema\/person\/07a4631088e08186724e53ebfd2ff2e0\"},\"description\":\"Descubre lo que est\u00e1 pasando en Galicia con la madera ilegal. \u00bfSe est\u00e1 cometiendo un delito? \u2705 Greenpeace lo denuncia.\",\"breadcrumb\":{\"@id\":\"https:\/\/www.greencut-tools.com\/blog\/madera-ilegal-galicia\/#breadcrumb\"},\"inLanguage\":\"es\",\"potentialAction\":[{\"@type\":\"ReadAction\",\"target\":[\"https:\/\/www.greencut-tools.com\/blog\/madera-ilegal-galicia\/\"]}]},{\"@type\":\"ImageObject\",\"inLanguage\":\"es\",\"@id\":\"https:\/\/www.greencut-tools.com\/blog\/madera-ilegal-galicia\/#primaryimage\",\"url\":\"https:\/\/www.greencut-tools.com\/blog\/wp-content\/uploads\/2021\/02\/Diseno-sin-titulo-34.jpg\",\"contentUrl\":\"https:\/\/www.greencut-tools.com\/blog\/wp-content\/uploads\/2021\/02\/Diseno-sin-titulo-34.jpg\",\"width\":1000,\"height\":591,\"caption\":\"Madera ilegal galicia troncos cortados\"},{\"@type\":\"BreadcrumbList\",\"@id\":\"https:\/\/www.greencut-tools.com\/blog\/madera-ilegal-galicia\/#breadcrumb\",\"itemListElement\":[{\"@type\":\"ListItem\",\"position\":1,\"name\":\"Responsabilidad social\",\"item\":\"https:\/\/www.greencut-tools.com\/blog\/responsabilidad-social\/\"},{\"@type\":\"ListItem\",\"position\":2,\"name\":\"\u00bfEntra madera ilegal por Galicia?\"}]},{\"@type\":\"WebSite\",\"@id\":\"https:\/\/www.greencut-tools.com\/blog\/#website\",\"url\":\"https:\/\/www.greencut-tools.com\/blog\/\",\"name\":\"Blog del h\u00e9roe Greencut\",\"description\":\"\",\"potentialAction\":[{\"@type\":\"SearchAction\",\"target\":{\"@type\":\"EntryPoint\",\"urlTemplate\":\"https:\/\/www.greencut-tools.com\/blog\/?s={search_term_string}\"},\"query-input\":{\"@type\":\"PropertyValueSpecification\",\"valueRequired\":true,\"valueName\":\"search_term_string\"}}],\"inLanguage\":\"es\"},{\"@type\":\"Person\",\"@id\":\"https:\/\/www.greencut-tools.com\/blog\/#\/schema\/person\/07a4631088e08186724e53ebfd2ff2e0\",\"name\":\"Marketing Greencut\",\"image\":{\"@type\":\"ImageObject\",\"inLanguage\":\"es\",\"@id\":\"https:\/\/www.greencut-tools.com\/blog\/#\/schema\/person\/image\/\",\"url\":\"https:\/\/secure.gravatar.com\/avatar\/8c0b02f0f4ec450376d257150a4508d3?s=96&d=mm&r=g\",\"contentUrl\":\"https:\/\/secure.gravatar.com\/avatar\/8c0b02f0f4ec450376d257150a4508d3?s=96&d=mm&r=g\",\"caption\":\"Marketing Greencut\"}}]}<\/script>\n<!-- \/ Yoast SEO plugin. -->","yoast_head_json":{"title":"\u1408 \u00bfEntra madera ilegal por Galicia? | \u267b\ufe0f GREENCUT","description":"Descubre lo que est\u00e1 pasando en Galicia con la madera ilegal. \u00bfSe est\u00e1 cometiendo un delito? \u2705 Greenpeace lo denuncia.","robots":{"index":"index","follow":"follow","max-snippet":"max-snippet:-1","max-image-preview":"max-image-preview:large","max-video-preview":"max-video-preview:-1"},"canonical":"https:\/\/www.greencut-tools.com\/blog\/madera-ilegal-galicia\/","og_locale":"es_ES","og_type":"article","og_title":"\u1408 \u00bfEntra madera ilegal por Galicia? | \u267b\ufe0f GREENCUT","og_description":"Descubre lo que est\u00e1 pasando en Galicia con la madera ilegal. \u00bfSe est\u00e1 cometiendo un delito? \u2705 Greenpeace lo denuncia.","og_url":"https:\/\/www.greencut-tools.com\/blog\/madera-ilegal-galicia\/","og_site_name":"Blog del h\u00e9roe Greencut","article_published_time":"2021-02-23T17:17:31+00:00","article_modified_time":"2024-02-28T14:57:59+00:00","og_image":[{"width":1000,"height":591,"url":"https:\/\/www.greencut-tools.com\/blog\/wp-content\/uploads\/2021\/02\/Diseno-sin-titulo-34.jpg","type":"image\/jpeg"}],"author":"Marketing Greencut","twitter_card":"summary_large_image","twitter_misc":{"Escrito por":"Marketing Greencut","Tiempo de lectura":"2 minutos"},"schema":{"@context":"https:\/\/schema.org","@graph":[{"@type":"WebPage","@id":"https:\/\/www.greencut-tools.com\/blog\/madera-ilegal-galicia\/","url":"https:\/\/www.greencut-tools.com\/blog\/madera-ilegal-galicia\/","name":"\u1408 \u00bfEntra madera ilegal por Galicia? | \u267b\ufe0f GREENCUT","isPartOf":{"@id":"https:\/\/www.greencut-tools.com\/blog\/#website"},"primaryImageOfPage":{"@id":"https:\/\/www.greencut-tools.com\/blog\/madera-ilegal-galicia\/#primaryimage"},"image":{"@id":"https:\/\/www.greencut-tools.com\/blog\/madera-ilegal-galicia\/#primaryimage"},"thumbnailUrl":"https:\/\/www.greencut-tools.com\/blog\/wp-content\/uploads\/2021\/02\/Diseno-sin-titulo-34.jpg","datePublished":"2021-02-23T17:17:31+00:00","dateModified":"2024-02-28T14:57:59+00:00","author":{"@id":"https:\/\/www.greencut-tools.com\/blog\/#\/schema\/person\/07a4631088e08186724e53ebfd2ff2e0"},"description":"Descubre lo que est\u00e1 pasando en Galicia con la madera ilegal. \u00bfSe est\u00e1 cometiendo un delito? \u2705 Greenpeace lo denuncia.","breadcrumb":{"@id":"https:\/\/www.greencut-tools.com\/blog\/madera-ilegal-galicia\/#breadcrumb"},"inLanguage":"es","potentialAction":[{"@type":"ReadAction","target":["https:\/\/www.greencut-tools.com\/blog\/madera-ilegal-galicia\/"]}]},{"@type":"ImageObject","inLanguage":"es","@id":"https:\/\/www.greencut-tools.com\/blog\/madera-ilegal-galicia\/#primaryimage","url":"https:\/\/www.greencut-tools.com\/blog\/wp-content\/uploads\/2021\/02\/Diseno-sin-titulo-34.jpg","contentUrl":"https:\/\/www.greencut-tools.com\/blog\/wp-content\/uploads\/2021\/02\/Diseno-sin-titulo-34.jpg","width":1000,"height":591,"caption":"Madera ilegal galicia troncos cortados"},{"@type":"BreadcrumbList","@id":"https:\/\/www.greencut-tools.com\/blog\/madera-ilegal-galicia\/#breadcrumb","itemListElement":[{"@type":"ListItem","position":1,"name":"Responsabilidad social","item":"https:\/\/www.greencut-tools.com\/blog\/responsabilidad-social\/"},{"@type":"ListItem","position":2,"name":"\u00bfEntra madera ilegal por Galicia?"}]},{"@type":"WebSite","@id":"https:\/\/www.greencut-tools.com\/blog\/#website","url":"https:\/\/www.greencut-tools.com\/blog\/","name":"Blog del h\u00e9roe Greencut","description":"","potentialAction":[{"@type":"SearchAction","target":{"@type":"EntryPoint","urlTemplate":"https:\/\/www.greencut-tools.com\/blog\/?s={search_term_string}"},"query-input":{"@type":"PropertyValueSpecification","valueRequired":true,"valueName":"search_term_string"}}],"inLanguage":"es"},{"@type":"Person","@id":"https:\/\/www.greencut-tools.com\/blog\/#\/schema\/person\/07a4631088e08186724e53ebfd2ff2e0","name":"Marketing Greencut","image":{"@type":"ImageObject","inLanguage":"es","@id":"https:\/\/www.greencut-tools.com\/blog\/#\/schema\/person\/image\/","url":"https:\/\/secure.gravatar.com\/avatar\/8c0b02f0f4ec450376d257150a4508d3?s=96&d=mm&r=g","contentUrl":"https:\/\/secure.gravatar.com\/avatar\/8c0b02f0f4ec450376d257150a4508d3?s=96&d=mm&r=g","caption":"Marketing Greencut"}}]}},"_links":{"self":[{"href":"https:\/\/www.greencut-tools.com\/blog\/wp-json\/wp\/v2\/posts\/1454","targetHints":{"allow":["GET"]}}],"collection":[{"href":"https:\/\/www.greencut-tools.com\/blog\/wp-json\/wp\/v2\/posts"}],"about":[{"href":"https:\/\/www.greencut-tools.com\/blog\/wp-json\/wp\/v2\/types\/post"}],"author":[{"embeddable":true,"href":"https:\/\/www.greencut-tools.com\/blog\/wp-json\/wp\/v2\/users\/21"}],"replies":[{"embeddable":true,"href":"https:\/\/www.greencut-tools.com\/blog\/wp-json\/wp\/v2\/comments?post=1454"}],"version-history":[{"count":6,"href":"https:\/\/www.greencut-tools.com\/blog\/wp-json\/wp\/v2\/posts\/1454\/revisions"}],"predecessor-version":[{"id":9465,"href":"https:\/\/www.greencut-tools.com\/blog\/wp-json\/wp\/v2\/posts\/1454\/revisions\/9465"}],"wp:featuredmedia":[{"embeddable":true,"href":"https:\/\/www.greencut-tools.com\/blog\/wp-json\/wp\/v2\/media\/1460"}],"wp:attachment":[{"href":"https:\/\/www.greencut-tools.com\/blog\/wp-json\/wp\/v2\/media?parent=1454"}],"wp:term":[{"taxonomy":"category","embeddable":true,"href":"https:\/\/www.greencut-tools.com\/blog\/wp-json\/wp\/v2\/categories?post=1454"},{"taxonomy":"post_tag","embeddable":true,"href":"https:\/\/www.greencut-tools.com\/blog\/wp-json\/wp\/v2\/tags?post=1454"}],"curies":[{"name":"wp","href":"https:\/\/api.w.org\/{rel}","templated":true}]}}