{"id":1506,"date":"2021-03-17T12:24:03","date_gmt":"2021-03-17T10:24:03","guid":{"rendered":"https:\/\/www.greencut-tools.com\/blog\/?p=1506"},"modified":"2024-02-28T17:17:20","modified_gmt":"2024-02-28T15:17:20","slug":"montes-universales-teruel-peligro","status":"publish","type":"post","link":"https:\/\/www.greencut-tools.com\/blog\/montes-universales-teruel-peligro\/","title":{"rendered":"Montes Universales de Teruel: \u00bfest\u00e1n en peligro?"},"content":{"rendered":"\n<p>En Greencut queremos darte a conocer una problem\u00e1tica medioambiental que est\u00e1 sucediendo en Espa\u00f1a, concretamente en <strong>Los Montes Universales ubicados en la provincia de Teruel<\/strong>: uno de los principales pulmones del pa\u00eds con un espectacular paisaje y ecosistema.<\/p>\n\n\n\n<h2 class=\"wp-block-heading\">\u00bfQu\u00e9 se protesta?<\/h2>\n\n\n\n<p>Diversas asociaciones del entorno protestan que en los \u00faltimos meses <strong>los Montes Universales de Teruel est\u00e1n siendo arrasados debido a una tala masiva de \u00e1rboles<\/strong>, concretamente en el Nacimiento del R\u00edo Tajo (conocido popularmente como \u00abLa Vega del Tajo). Debido a esta actividad, se considera que <strong>los da\u00f1os ocasionados son irreversibles y muy da\u00f1inos para la biodiversidad del entorno<\/strong>.<\/p>\n\n\n\n<h2 class=\"wp-block-heading\">Peticiones y exigencias<\/h2>\n\n\n\n<p>A trav\u00e9s de diversas peticiones, se exige a diferentes responsables p\u00fablicos que:<\/p>\n\n\n\n<ol class=\"wp-block-list\">\n<li><span style=\"color: #000000;\" class=\"ugb-highlight\">Se paralice de forma inmediata las actuaciones y todas las actividades de deforestaci\u00f3n promovidas a trav\u00e9s del Plan de Ordenaci\u00f3n de Montes en la Vega del Tajo.<\/span><\/li>\n\n\n\n<li><span style=\"color: #000000;\" class=\"ugb-highlight\">Se invierta en la restauraci\u00f3n medioambiental y paisaj\u00edstica y no ocasionar destrozos en la naturaleza.<\/span><\/li>\n\n\n\n<li><span style=\"color: #000000;\" class=\"ugb-highlight\">Se destinen recursos econ\u00f3micos a la limpieza de los residuos ocasionados a ra\u00edz de la catastr\u00f3ficas inundaciones de 2018.<\/span><\/li>\n<\/ol>\n\n\n\n<h2 class=\"wp-block-heading\">\u00bfQuieres saber m\u00e1s?<\/h2>\n\n\n\n<p>Las asociaciones que protestan han creado <a href=\"https:\/\/www.change.org\/p\/sos-montes-universales-stop-a-las-talas-masivas\" target=\"_blank\" rel=\"noreferrer noopener nofollow\"><strong>esta petici\u00f3n<\/strong><\/a> en la plataforma Change.org para poner fin a esta tala masiva de \u00e1rboles. <\/p>\n\n\n\n<p>\u00bfTe interesar\u00eda conocer otras problem\u00e1ticas como esta? Descubre lo que est\u00e1 pasando <a href=\"https:\/\/www.greencut-tools.com\/blog\/denuncia-greenpeace-madera-ilegal-galicia\/\"><strong>en Galicia con la comercializaci\u00f3n de madera ilegal<\/strong><\/a>.<\/p>\n\n\n    <div id=\"cta7e899143d79c59182d4a68e220fe183c\" class=\"cta\">\n        <div class=\"content\">\n            <p class=\"title\">\n                Gu\u00eda completa para un jard\u00edn perfecto            <\/p>\n            <p class=\"subtitle\">\n                Sigue los mejores consejos de los profesionales            <\/p>\n            <a class=\"button\" href=\"https:\/\/mailchi.mp\/greencut-tools.com\/guia-jardin-perfecto?utm_source=montes-universales-de-teruel&#038;utm_medium=cta\"><button>DESCARGAR<\/button><\/a>\n        <\/div>\n    <\/div>\n    <style type=\"text\/css\">\n        #cta7e899143d79c59182d4a68e220fe183c{\n\t        background-image: url('https:\/\/www.greencut-tools.com\/blog\/wp-content\/uploads\/2022\/11\/Ebook_Jardin_D.jpg');\n    \t}\n        .cta {\n            height:295px;\n            background-size: contain;\n            background-repeat: no-repeat;\n            background-position: right;\n            margin: 15px 0 25px;\n        }\n        .cta .content {\n            width: 60%;\n            height: auto;\n            padding: 30px;\n            word-wrap: break-word;\n        }\n        .cta .content .title{\n           font-size: 35px;\n            font-weight: 700;\n            color: white;\n            margin-bottom: 0;\n            font-family: 'Roboto', sans-serif;\n            line-height: 1;\n\n        }\n        .cta .content .subtitle{\n            font-size: 18px;\n            font-weight: 500;\n            color: white;\n            margin-bottom: 0;\n            font-family: 'Roboto', sans-serif;\n            line-height: 1.2;\n            margin-top: 20px;\n        }\n\n        .cta .content a{\n            background-color: transparent!important;\n            border-radius: 8px;\n            padding:0;\n        }\n        .cta .content button{\n            margin-top:20px;\n            background-color: black;\n            border-radius:0px;\n            color: white;\n            width: auto;\n            font-size: 13px;\n            padding: 12px 26px!important;\n        }\n\n        @media only screen and (max-width: 600px) {\n        #cta7e899143d79c59182d4a68e220fe183c {\n            background-image: url('https:\/\/www.greencut-tools.com\/blog\/wp-content\/uploads\/2022\/11\/Ebook_Jardin_M.jpg');\n        }\n            .cta {\n                height: 500px;\n                background-size: cover;\n                background-repeat: no-repeat;\n            }\n            .cta .content {\n                width: 100%;\n                height: auto;\n            }\n            .cta .content button{\n                max-width: 437px;\n                margin-top: 20px;\n            }\n        }\n    <\/style>\n","protected":false},"excerpt":{"rendered":"<p>Conoce la problem\u00e1tica medioambiental que hay actualmente en los montes turolenses.<\/p>\n","protected":false},"author":21,"featured_media":1516,"comment_status":"open","ping_status":"open","sticky":false,"template":"","format":"standard","meta":{"footnotes":""},"categories":[61],"tags":[67,69,66,68,65],"class_list":["post-1506","post","type-post","status-publish","format-standard","has-post-thumbnail","hentry","category-responsabilidad-social","tag-aragon","tag-change-org","tag-montes-universales","tag-tala-masiva","tag-teruel"],"acf":[],"yoast_head":"<!-- This site is optimized with the Yoast SEO plugin v24.5 - https:\/\/yoast.com\/wordpress\/plugins\/seo\/ -->\n<title>\u1408 Montes Universales: \u00bfen peligro? | \u267b\ufe0f GREENCUT<\/title>\n<meta name=\"description\" content=\"En Teruel existe una problem\u00e1tica medioambiental. \u00bfSe est\u00e1 cometiendo una negligencia? Entra y conoce la petici\u00f3n.\" \/>\n<meta name=\"robots\" content=\"index, follow, max-snippet:-1, max-image-preview:large, max-video-preview:-1\" \/>\n<link rel=\"canonical\" href=\"https:\/\/www.greencut-tools.com\/blog\/montes-universales-teruel-peligro\/\" \/>\n<meta property=\"og:locale\" content=\"es_ES\" \/>\n<meta property=\"og:type\" content=\"article\" \/>\n<meta property=\"og:title\" content=\"\u1408 Montes Universales: \u00bfen peligro? | \u267b\ufe0f GREENCUT\" \/>\n<meta property=\"og:description\" content=\"En Teruel existe una problem\u00e1tica medioambiental. \u00bfSe est\u00e1 cometiendo una negligencia? Entra y conoce la petici\u00f3n.\" \/>\n<meta property=\"og:url\" content=\"https:\/\/www.greencut-tools.com\/blog\/montes-universales-teruel-peligro\/\" \/>\n<meta property=\"og:site_name\" content=\"Blog del h\u00e9roe Greencut\" \/>\n<meta property=\"article:published_time\" content=\"2021-03-17T10:24:03+00:00\" \/>\n<meta property=\"article:modified_time\" content=\"2024-02-28T15:17:20+00:00\" \/>\n<meta property=\"og:image\" content=\"https:\/\/www.greencut-tools.com\/blog\/wp-content\/uploads\/2021\/03\/Montes-Universales-Teruel-Peligro.jpg\" \/>\n\t<meta property=\"og:image:width\" content=\"1000\" \/>\n\t<meta property=\"og:image:height\" content=\"591\" \/>\n\t<meta property=\"og:image:type\" content=\"image\/jpeg\" \/>\n<meta name=\"author\" content=\"Marketing Greencut\" \/>\n<meta name=\"twitter:card\" content=\"summary_large_image\" \/>\n<meta name=\"twitter:label1\" content=\"Escrito por\" \/>\n\t<meta name=\"twitter:data1\" content=\"Marketing Greencut\" \/>\n\t<meta name=\"twitter:label2\" content=\"Tiempo de lectura\" \/>\n\t<meta name=\"twitter:data2\" content=\"2 minutos\" \/>\n<script type=\"application\/ld+json\" class=\"yoast-schema-graph\">{\"@context\":\"https:\/\/schema.org\",\"@graph\":[{\"@type\":\"WebPage\",\"@id\":\"https:\/\/www.greencut-tools.com\/blog\/montes-universales-teruel-peligro\/\",\"url\":\"https:\/\/www.greencut-tools.com\/blog\/montes-universales-teruel-peligro\/\",\"name\":\"\u1408 Montes Universales: \u00bfen peligro? | \u267b\ufe0f GREENCUT\",\"isPartOf\":{\"@id\":\"https:\/\/www.greencut-tools.com\/blog\/#website\"},\"primaryImageOfPage\":{\"@id\":\"https:\/\/www.greencut-tools.com\/blog\/montes-universales-teruel-peligro\/#primaryimage\"},\"image\":{\"@id\":\"https:\/\/www.greencut-tools.com\/blog\/montes-universales-teruel-peligro\/#primaryimage\"},\"thumbnailUrl\":\"https:\/\/www.greencut-tools.com\/blog\/wp-content\/uploads\/2021\/03\/Montes-Universales-Teruel-Peligro.jpg\",\"datePublished\":\"2021-03-17T10:24:03+00:00\",\"dateModified\":\"2024-02-28T15:17:20+00:00\",\"author\":{\"@id\":\"https:\/\/www.greencut-tools.com\/blog\/#\/schema\/person\/07a4631088e08186724e53ebfd2ff2e0\"},\"description\":\"En Teruel existe una problem\u00e1tica medioambiental. \u00bfSe est\u00e1 cometiendo una negligencia? Entra y conoce la petici\u00f3n.\",\"breadcrumb\":{\"@id\":\"https:\/\/www.greencut-tools.com\/blog\/montes-universales-teruel-peligro\/#breadcrumb\"},\"inLanguage\":\"es\",\"potentialAction\":[{\"@type\":\"ReadAction\",\"target\":[\"https:\/\/www.greencut-tools.com\/blog\/montes-universales-teruel-peligro\/\"]}]},{\"@type\":\"ImageObject\",\"inLanguage\":\"es\",\"@id\":\"https:\/\/www.greencut-tools.com\/blog\/montes-universales-teruel-peligro\/#primaryimage\",\"url\":\"https:\/\/www.greencut-tools.com\/blog\/wp-content\/uploads\/2021\/03\/Montes-Universales-Teruel-Peligro.jpg\",\"contentUrl\":\"https:\/\/www.greencut-tools.com\/blog\/wp-content\/uploads\/2021\/03\/Montes-Universales-Teruel-Peligro.jpg\",\"width\":1000,\"height\":591,\"caption\":\"Montes Universales Teruel Peligro\"},{\"@type\":\"BreadcrumbList\",\"@id\":\"https:\/\/www.greencut-tools.com\/blog\/montes-universales-teruel-peligro\/#breadcrumb\",\"itemListElement\":[{\"@type\":\"ListItem\",\"position\":1,\"name\":\"Responsabilidad social\",\"item\":\"https:\/\/www.greencut-tools.com\/blog\/responsabilidad-social\/\"},{\"@type\":\"ListItem\",\"position\":2,\"name\":\"Montes Universales de Teruel: \u00bfest\u00e1n en peligro?\"}]},{\"@type\":\"WebSite\",\"@id\":\"https:\/\/www.greencut-tools.com\/blog\/#website\",\"url\":\"https:\/\/www.greencut-tools.com\/blog\/\",\"name\":\"Blog del h\u00e9roe Greencut\",\"description\":\"\",\"potentialAction\":[{\"@type\":\"SearchAction\",\"target\":{\"@type\":\"EntryPoint\",\"urlTemplate\":\"https:\/\/www.greencut-tools.com\/blog\/?s={search_term_string}\"},\"query-input\":{\"@type\":\"PropertyValueSpecification\",\"valueRequired\":true,\"valueName\":\"search_term_string\"}}],\"inLanguage\":\"es\"},{\"@type\":\"Person\",\"@id\":\"https:\/\/www.greencut-tools.com\/blog\/#\/schema\/person\/07a4631088e08186724e53ebfd2ff2e0\",\"name\":\"Marketing Greencut\",\"image\":{\"@type\":\"ImageObject\",\"inLanguage\":\"es\",\"@id\":\"https:\/\/www.greencut-tools.com\/blog\/#\/schema\/person\/image\/\",\"url\":\"https:\/\/secure.gravatar.com\/avatar\/8c0b02f0f4ec450376d257150a4508d3?s=96&d=mm&r=g\",\"contentUrl\":\"https:\/\/secure.gravatar.com\/avatar\/8c0b02f0f4ec450376d257150a4508d3?s=96&d=mm&r=g\",\"caption\":\"Marketing Greencut\"}}]}<\/script>\n<!-- \/ Yoast SEO plugin. -->","yoast_head_json":{"title":"\u1408 Montes Universales: \u00bfen peligro? | \u267b\ufe0f GREENCUT","description":"En Teruel existe una problem\u00e1tica medioambiental. \u00bfSe est\u00e1 cometiendo una negligencia? Entra y conoce la petici\u00f3n.","robots":{"index":"index","follow":"follow","max-snippet":"max-snippet:-1","max-image-preview":"max-image-preview:large","max-video-preview":"max-video-preview:-1"},"canonical":"https:\/\/www.greencut-tools.com\/blog\/montes-universales-teruel-peligro\/","og_locale":"es_ES","og_type":"article","og_title":"\u1408 Montes Universales: \u00bfen peligro? | \u267b\ufe0f GREENCUT","og_description":"En Teruel existe una problem\u00e1tica medioambiental. \u00bfSe est\u00e1 cometiendo una negligencia? Entra y conoce la petici\u00f3n.","og_url":"https:\/\/www.greencut-tools.com\/blog\/montes-universales-teruel-peligro\/","og_site_name":"Blog del h\u00e9roe Greencut","article_published_time":"2021-03-17T10:24:03+00:00","article_modified_time":"2024-02-28T15:17:20+00:00","og_image":[{"width":1000,"height":591,"url":"https:\/\/www.greencut-tools.com\/blog\/wp-content\/uploads\/2021\/03\/Montes-Universales-Teruel-Peligro.jpg","type":"image\/jpeg"}],"author":"Marketing Greencut","twitter_card":"summary_large_image","twitter_misc":{"Escrito por":"Marketing Greencut","Tiempo de lectura":"2 minutos"},"schema":{"@context":"https:\/\/schema.org","@graph":[{"@type":"WebPage","@id":"https:\/\/www.greencut-tools.com\/blog\/montes-universales-teruel-peligro\/","url":"https:\/\/www.greencut-tools.com\/blog\/montes-universales-teruel-peligro\/","name":"\u1408 Montes Universales: \u00bfen peligro? | \u267b\ufe0f GREENCUT","isPartOf":{"@id":"https:\/\/www.greencut-tools.com\/blog\/#website"},"primaryImageOfPage":{"@id":"https:\/\/www.greencut-tools.com\/blog\/montes-universales-teruel-peligro\/#primaryimage"},"image":{"@id":"https:\/\/www.greencut-tools.com\/blog\/montes-universales-teruel-peligro\/#primaryimage"},"thumbnailUrl":"https:\/\/www.greencut-tools.com\/blog\/wp-content\/uploads\/2021\/03\/Montes-Universales-Teruel-Peligro.jpg","datePublished":"2021-03-17T10:24:03+00:00","dateModified":"2024-02-28T15:17:20+00:00","author":{"@id":"https:\/\/www.greencut-tools.com\/blog\/#\/schema\/person\/07a4631088e08186724e53ebfd2ff2e0"},"description":"En Teruel existe una problem\u00e1tica medioambiental. \u00bfSe est\u00e1 cometiendo una negligencia? Entra y conoce la petici\u00f3n.","breadcrumb":{"@id":"https:\/\/www.greencut-tools.com\/blog\/montes-universales-teruel-peligro\/#breadcrumb"},"inLanguage":"es","potentialAction":[{"@type":"ReadAction","target":["https:\/\/www.greencut-tools.com\/blog\/montes-universales-teruel-peligro\/"]}]},{"@type":"ImageObject","inLanguage":"es","@id":"https:\/\/www.greencut-tools.com\/blog\/montes-universales-teruel-peligro\/#primaryimage","url":"https:\/\/www.greencut-tools.com\/blog\/wp-content\/uploads\/2021\/03\/Montes-Universales-Teruel-Peligro.jpg","contentUrl":"https:\/\/www.greencut-tools.com\/blog\/wp-content\/uploads\/2021\/03\/Montes-Universales-Teruel-Peligro.jpg","width":1000,"height":591,"caption":"Montes Universales Teruel Peligro"},{"@type":"BreadcrumbList","@id":"https:\/\/www.greencut-tools.com\/blog\/montes-universales-teruel-peligro\/#breadcrumb","itemListElement":[{"@type":"ListItem","position":1,"name":"Responsabilidad social","item":"https:\/\/www.greencut-tools.com\/blog\/responsabilidad-social\/"},{"@type":"ListItem","position":2,"name":"Montes Universales de Teruel: \u00bfest\u00e1n en peligro?"}]},{"@type":"WebSite","@id":"https:\/\/www.greencut-tools.com\/blog\/#website","url":"https:\/\/www.greencut-tools.com\/blog\/","name":"Blog del h\u00e9roe Greencut","description":"","potentialAction":[{"@type":"SearchAction","target":{"@type":"EntryPoint","urlTemplate":"https:\/\/www.greencut-tools.com\/blog\/?s={search_term_string}"},"query-input":{"@type":"PropertyValueSpecification","valueRequired":true,"valueName":"search_term_string"}}],"inLanguage":"es"},{"@type":"Person","@id":"https:\/\/www.greencut-tools.com\/blog\/#\/schema\/person\/07a4631088e08186724e53ebfd2ff2e0","name":"Marketing Greencut","image":{"@type":"ImageObject","inLanguage":"es","@id":"https:\/\/www.greencut-tools.com\/blog\/#\/schema\/person\/image\/","url":"https:\/\/secure.gravatar.com\/avatar\/8c0b02f0f4ec450376d257150a4508d3?s=96&d=mm&r=g","contentUrl":"https:\/\/secure.gravatar.com\/avatar\/8c0b02f0f4ec450376d257150a4508d3?s=96&d=mm&r=g","caption":"Marketing Greencut"}}]}},"_links":{"self":[{"href":"https:\/\/www.greencut-tools.com\/blog\/wp-json\/wp\/v2\/posts\/1506","targetHints":{"allow":["GET"]}}],"collection":[{"href":"https:\/\/www.greencut-tools.com\/blog\/wp-json\/wp\/v2\/posts"}],"about":[{"href":"https:\/\/www.greencut-tools.com\/blog\/wp-json\/wp\/v2\/types\/post"}],"author":[{"embeddable":true,"href":"https:\/\/www.greencut-tools.com\/blog\/wp-json\/wp\/v2\/users\/21"}],"replies":[{"embeddable":true,"href":"https:\/\/www.greencut-tools.com\/blog\/wp-json\/wp\/v2\/comments?post=1506"}],"version-history":[{"count":8,"href":"https:\/\/www.greencut-tools.com\/blog\/wp-json\/wp\/v2\/posts\/1506\/revisions"}],"predecessor-version":[{"id":9474,"href":"https:\/\/www.greencut-tools.com\/blog\/wp-json\/wp\/v2\/posts\/1506\/revisions\/9474"}],"wp:featuredmedia":[{"embeddable":true,"href":"https:\/\/www.greencut-tools.com\/blog\/wp-json\/wp\/v2\/media\/1516"}],"wp:attachment":[{"href":"https:\/\/www.greencut-tools.com\/blog\/wp-json\/wp\/v2\/media?parent=1506"}],"wp:term":[{"taxonomy":"category","embeddable":true,"href":"https:\/\/www.greencut-tools.com\/blog\/wp-json\/wp\/v2\/categories?post=1506"},{"taxonomy":"post_tag","embeddable":true,"href":"https:\/\/www.greencut-tools.com\/blog\/wp-json\/wp\/v2\/tags?post=1506"}],"curies":[{"name":"wp","href":"https:\/\/api.w.org\/{rel}","templated":true}]}}